{"id":6743,"date":"2025-03-04T15:42:37","date_gmt":"2025-03-04T14:42:37","guid":{"rendered":"https:\/\/www.rollerteam.com\/?p=6743"},"modified":"2025-03-12T14:08:44","modified_gmt":"2025-03-12T13:08:44","slug":"lokale-messen-2025","status":"publish","type":"post","link":"https:\/\/www.rollerteam.com\/de\/lokale-messen-2025\/","title":{"rendered":"Lokale Messen 2025"},"content":{"rendered":"<p>Auch in diesem Jahr veranstalten unsere Handelspartner, diverese lokale Messen auf Ihren H\u00f6fen.<br \/>\nBesuchen Sie uns und unsere Handelspartner, lernen Sie die Marke Roller Team kennen und erf\u00fcllen Sie sich Ihren Traum eines neuen Roller Team Reisemobiles oder Vans.<\/p>\n<div class=\"table-responsive\"><table class=\"table\" style=\"width: 94.6221%;height: 471px\" width=\"1032\">\n<tbody>\n<tr>\n<td width=\"284\">\n<h3>Datum<\/h3>\n<\/td>\n<td width=\"355\">\n<h3>Messe<\/h3>\n<\/td>\n<td width=\"239\">\n<h3>Stadt<\/h3>\n<\/td>\n<td width=\"154\">\n<h3>H\u00e4ndler<\/h3>\n<\/td>\n<\/tr>\n<tr>\n<td>12.04. &#8211; 13.04.2025<\/td>\n<td>Fr\u00fchjahrsmesse Albers<\/td>\n<td>Nottuln<\/td>\n<td>Albers<\/td>\n<\/tr>\n<tr>\n<td>20.09. &#8211; 21.09.2025<\/td>\n<td>Herbstmesse Albers<\/td>\n<td>Nottuln<\/td>\n<td>Albers<\/td>\n<\/tr>\n<tr>\n<td>20.09. &#8211; 21.09.2025<\/td>\n<td>Herbstmesse Albers<\/td>\n<td>Nottuln<\/td>\n<td>Albers<\/td>\n<\/tr>\n<tr>\n<td>05.04-06.04.2025<\/td>\n<td>Hausmesse Deister Wohnmobile<\/td>\n<td>Wennigsen-Holtensen<\/td>\n<td>Deister<\/td>\n<\/tr>\n<tr>\n<td>20.09.2025<\/td>\n<td>Oktoberfest mit Hausmesse Deister Wohnmobile<\/td>\n<td>Wennigsen-Holtensen<\/td>\n<td>Deister<\/td>\n<\/tr>\n<tr>\n<td>29.03.-30.03.2025<\/td>\n<td>Hausmesse Gulde<\/td>\n<td>Engen<\/td>\n<td>Gulde<\/td>\n<\/tr>\n<tr>\n<td>24.05. &#8211; 25.05.2025<\/td>\n<td>Hausmesse Ordemann<\/td>\n<td>Ganderkesee<\/td>\n<td>Ordemann<\/td>\n<\/tr>\n<tr>\n<td>07.11.09.11.2025<\/td>\n<td>Caravan Bremen<\/td>\n<td>Bremen<\/td>\n<td>Ordemann<\/td>\n<\/tr>\n<tr>\n<td>06.04.2025<\/td>\n<td>Fr\u00fchlingsmarkt Schmalkalden<\/td>\n<td>Schmalkalden<\/td>\n<td>Teichmann<\/td>\n<\/tr>\n<tr>\n<td>25.04-26.04.2025<\/td>\n<td>Camperday in Ohrdruf<\/td>\n<td>Ohrdruf<\/td>\n<td>Teichmann<\/td>\n<\/tr>\n<tr>\n<td>26.07-27.07.2025<\/td>\n<td>TH\u00dcROS Fest in Georgenthal<\/td>\n<td>Georgenthal<\/td>\n<td>Teichmann<\/td>\n<\/tr>\n<tr>\n<td>30.10-02.11.2025<\/td>\n<td>Herbstfest in Ohrdruf<\/td>\n<td>Ohrdruf<\/td>\n<td>Teichmann<\/td>\n<\/tr>\n<tr>\n<td>29.11-30.11.2025<\/td>\n<td>Camper Advent in Ohrdruf<\/td>\n<td>Ohrdruf<\/td>\n<td>Teichmann<\/td>\n<\/tr>\n<\/tbody>\n<\/table><\/div>\n<p>&nbsp;<\/p>\n","protected":false},"excerpt":{"rendered":"<p>Auch in diesem Jahr veranstalten unsere Handelspartner, diverese lokale Messen auf Ihren H\u00f6fen. Besuchen Sie uns und unsere Handelspartner, lernen Sie die Marke Roller Team kennen und erf\u00fcllen Sie sich Ihren Traum eines neuen Roller Team Reisemobiles oder Vans. Datum Messe Stadt H\u00e4ndler 12.04. &#8211; 13.04.2025 Fr\u00fchjahrsmesse Albers Nottuln Albers 20.09. &#8211; 21.09.2025 Herbstmesse Albers &hellip; <a href=\"https:\/\/www.rollerteam.com\/de\/lokale-messen-2025\/\">Continued<\/a><\/p>\n","protected":false},"author":2,"featured_media":6744,"comment_status":"closed","ping_status":"closed","sticky":false,"template":"","format":"standard","meta":{"_acf_changed":false,"inline_featured_image":false,"footnotes":""},"tags":[2446],"class_list":["post-6743","post","type-post","status-publish","format-standard","has-post-thumbnail","hentry","tag-lokale-messen-2025-reisemobile"],"acf":[],"yoast_head":"<!-- This site is optimized with the Yoast SEO plugin v27.2 - https:\/\/yoast.com\/product\/yoast-seo-wordpress\/ -->\n<title>Lokale Messen 2025 - RollerTeam GLOBAL<\/title>\n<meta name=\"robots\" content=\"index, follow, max-snippet:-1, max-image-preview:large, max-video-preview:-1\" \/>\n<link rel=\"canonical\" href=\"https:\/\/www.rollerteam.com\/de\/lokale-messen-2025\/\" \/>\n<meta property=\"og:locale\" content=\"de_DE\" \/>\n<meta property=\"og:type\" content=\"article\" \/>\n<meta property=\"og:title\" content=\"Lokale Messen 2025 - RollerTeam GLOBAL\" \/>\n<meta property=\"og:description\" content=\"Auch in diesem Jahr veranstalten unsere Handelspartner, diverese lokale Messen auf Ihren H\u00f6fen. Besuchen Sie uns und unsere Handelspartner, lernen Sie die Marke Roller Team kennen und erf\u00fcllen Sie sich Ihren Traum eines neuen Roller Team Reisemobiles oder Vans. Datum Messe Stadt H\u00e4ndler 12.04. &#8211; 13.04.2025 Fr\u00fchjahrsmesse Albers Nottuln Albers 20.09. &#8211; 21.09.2025 Herbstmesse Albers &hellip; Continued\" \/>\n<meta property=\"og:url\" content=\"https:\/\/www.rollerteam.com\/de\/lokale-messen-2025\/\" \/>\n<meta property=\"og:site_name\" content=\"RollerTeam GLOBAL\" \/>\n<meta property=\"article:published_time\" content=\"2025-03-04T14:42:37+00:00\" \/>\n<meta property=\"article:modified_time\" content=\"2025-03-12T13:08:44+00:00\" \/>\n<meta property=\"og:image\" content=\"https:\/\/www.rollerteam.com\/wp-content\/uploads\/2025\/03\/RT-Kronos-284-Spring-017-scaled.jpg\" \/>\n\t<meta property=\"og:image:width\" content=\"2560\" \/>\n\t<meta property=\"og:image:height\" content=\"1829\" \/>\n\t<meta property=\"og:image:type\" content=\"image\/jpeg\" \/>\n<meta name=\"author\" content=\"gmachetti\" \/>\n<meta name=\"twitter:card\" content=\"summary_large_image\" \/>\n<meta name=\"twitter:label1\" content=\"Verfasst von\" \/>\n\t<meta name=\"twitter:data1\" content=\"gmachetti\" \/>\n\t<meta name=\"twitter:label2\" content=\"Gesch\u00e4tzte Lesezeit\" \/>\n\t<meta name=\"twitter:data2\" content=\"1\u00a0Minute\" \/>\n<script type=\"application\/ld+json\" class=\"yoast-schema-graph\">{\"@context\":\"https:\/\/schema.org\",\"@graph\":[{\"@type\":\"Article\",\"@id\":\"https:\/\/www.rollerteam.com\/de\/lokale-messen-2025\/#article\",\"isPartOf\":{\"@id\":\"https:\/\/www.rollerteam.com\/de\/lokale-messen-2025\/\"},\"author\":{\"name\":\"gmachetti\",\"@id\":\"https:\/\/www.rollerteam.com\/de\/#\/schema\/person\/75c30c62f72de4282e060bc6c454613b\"},\"headline\":\"Lokale Messen 2025\",\"datePublished\":\"2025-03-04T14:42:37+00:00\",\"dateModified\":\"2025-03-12T13:08:44+00:00\",\"mainEntityOfPage\":{\"@id\":\"https:\/\/www.rollerteam.com\/de\/lokale-messen-2025\/\"},\"wordCount\":124,\"image\":{\"@id\":\"https:\/\/www.rollerteam.com\/de\/lokale-messen-2025\/#primaryimage\"},\"thumbnailUrl\":\"https:\/\/www.rollerteam.com\/wp-content\/uploads\/2025\/03\/RT-Kronos-284-Spring-017-scaled.jpg\",\"keywords\":[\"Lokale Messen 2025 reisemobile\"],\"inLanguage\":\"de\"},{\"@type\":\"WebPage\",\"@id\":\"https:\/\/www.rollerteam.com\/de\/lokale-messen-2025\/\",\"url\":\"https:\/\/www.rollerteam.com\/de\/lokale-messen-2025\/\",\"name\":\"Lokale Messen 2025 - RollerTeam GLOBAL\",\"isPartOf\":{\"@id\":\"https:\/\/www.rollerteam.com\/de\/#website\"},\"primaryImageOfPage\":{\"@id\":\"https:\/\/www.rollerteam.com\/de\/lokale-messen-2025\/#primaryimage\"},\"image\":{\"@id\":\"https:\/\/www.rollerteam.com\/de\/lokale-messen-2025\/#primaryimage\"},\"thumbnailUrl\":\"https:\/\/www.rollerteam.com\/wp-content\/uploads\/2025\/03\/RT-Kronos-284-Spring-017-scaled.jpg\",\"datePublished\":\"2025-03-04T14:42:37+00:00\",\"dateModified\":\"2025-03-12T13:08:44+00:00\",\"author\":{\"@id\":\"https:\/\/www.rollerteam.com\/de\/#\/schema\/person\/75c30c62f72de4282e060bc6c454613b\"},\"breadcrumb\":{\"@id\":\"https:\/\/www.rollerteam.com\/de\/lokale-messen-2025\/#breadcrumb\"},\"inLanguage\":\"de\",\"potentialAction\":[{\"@type\":\"ReadAction\",\"target\":[\"https:\/\/www.rollerteam.com\/de\/lokale-messen-2025\/\"]}]},{\"@type\":\"ImageObject\",\"inLanguage\":\"de\",\"@id\":\"https:\/\/www.rollerteam.com\/de\/lokale-messen-2025\/#primaryimage\",\"url\":\"https:\/\/www.rollerteam.com\/wp-content\/uploads\/2025\/03\/RT-Kronos-284-Spring-017-scaled.jpg\",\"contentUrl\":\"https:\/\/www.rollerteam.com\/wp-content\/uploads\/2025\/03\/RT-Kronos-284-Spring-017-scaled.jpg\",\"width\":2560,\"height\":1829,\"caption\":\"Lokale Messen 2025 reisemobile\"},{\"@type\":\"BreadcrumbList\",\"@id\":\"https:\/\/www.rollerteam.com\/de\/lokale-messen-2025\/#breadcrumb\",\"itemListElement\":[{\"@type\":\"ListItem\",\"position\":1,\"name\":\"Home\",\"item\":\"https:\/\/www.rollerteam.com\/de\/\"},{\"@type\":\"ListItem\",\"position\":2,\"name\":\"Lokale Messen 2025\"}]},{\"@type\":\"WebSite\",\"@id\":\"https:\/\/www.rollerteam.com\/de\/#website\",\"url\":\"https:\/\/www.rollerteam.com\/de\/\",\"name\":\"Trigano Master\",\"description\":\"\",\"potentialAction\":[{\"@type\":\"SearchAction\",\"target\":{\"@type\":\"EntryPoint\",\"urlTemplate\":\"https:\/\/www.rollerteam.com\/de\/?s={search_term_string}\"},\"query-input\":{\"@type\":\"PropertyValueSpecification\",\"valueRequired\":true,\"valueName\":\"search_term_string\"}}],\"inLanguage\":\"de\"},{\"@type\":\"Person\",\"@id\":\"https:\/\/www.rollerteam.com\/de\/#\/schema\/person\/75c30c62f72de4282e060bc6c454613b\",\"name\":\"gmachetti\",\"image\":{\"@type\":\"ImageObject\",\"inLanguage\":\"de\",\"@id\":\"https:\/\/secure.gravatar.com\/avatar\/1c9513b6a748b7ddd330e39a6916148d4289591b5ad773e5b5b367ae48c24cbd?s=96&d=mm&r=g\",\"url\":\"https:\/\/secure.gravatar.com\/avatar\/1c9513b6a748b7ddd330e39a6916148d4289591b5ad773e5b5b367ae48c24cbd?s=96&d=mm&r=g\",\"contentUrl\":\"https:\/\/secure.gravatar.com\/avatar\/1c9513b6a748b7ddd330e39a6916148d4289591b5ad773e5b5b367ae48c24cbd?s=96&d=mm&r=g\",\"caption\":\"gmachetti\"},\"url\":\"https:\/\/www.rollerteam.com\/de\/author\/gmachetti\/\"}]}<\/script>\n<!-- \/ Yoast SEO plugin. -->","yoast_head_json":{"title":"Lokale Messen 2025 - RollerTeam GLOBAL","robots":{"index":"index","follow":"follow","max-snippet":"max-snippet:-1","max-image-preview":"max-image-preview:large","max-video-preview":"max-video-preview:-1"},"canonical":"https:\/\/www.rollerteam.com\/de\/lokale-messen-2025\/","og_locale":"de_DE","og_type":"article","og_title":"Lokale Messen 2025 - RollerTeam GLOBAL","og_description":"Auch in diesem Jahr veranstalten unsere Handelspartner, diverese lokale Messen auf Ihren H\u00f6fen. Besuchen Sie uns und unsere Handelspartner, lernen Sie die Marke Roller Team kennen und erf\u00fcllen Sie sich Ihren Traum eines neuen Roller Team Reisemobiles oder Vans. Datum Messe Stadt H\u00e4ndler 12.04. &#8211; 13.04.2025 Fr\u00fchjahrsmesse Albers Nottuln Albers 20.09. &#8211; 21.09.2025 Herbstmesse Albers &hellip; Continued","og_url":"https:\/\/www.rollerteam.com\/de\/lokale-messen-2025\/","og_site_name":"RollerTeam GLOBAL","article_published_time":"2025-03-04T14:42:37+00:00","article_modified_time":"2025-03-12T13:08:44+00:00","og_image":[{"width":2560,"height":1829,"url":"https:\/\/www.rollerteam.com\/wp-content\/uploads\/2025\/03\/RT-Kronos-284-Spring-017-scaled.jpg","type":"image\/jpeg"}],"author":"gmachetti","twitter_card":"summary_large_image","twitter_misc":{"Verfasst von":"gmachetti","Gesch\u00e4tzte Lesezeit":"1\u00a0Minute"},"schema":{"@context":"https:\/\/schema.org","@graph":[{"@type":"Article","@id":"https:\/\/www.rollerteam.com\/de\/lokale-messen-2025\/#article","isPartOf":{"@id":"https:\/\/www.rollerteam.com\/de\/lokale-messen-2025\/"},"author":{"name":"gmachetti","@id":"https:\/\/www.rollerteam.com\/de\/#\/schema\/person\/75c30c62f72de4282e060bc6c454613b"},"headline":"Lokale Messen 2025","datePublished":"2025-03-04T14:42:37+00:00","dateModified":"2025-03-12T13:08:44+00:00","mainEntityOfPage":{"@id":"https:\/\/www.rollerteam.com\/de\/lokale-messen-2025\/"},"wordCount":124,"image":{"@id":"https:\/\/www.rollerteam.com\/de\/lokale-messen-2025\/#primaryimage"},"thumbnailUrl":"https:\/\/www.rollerteam.com\/wp-content\/uploads\/2025\/03\/RT-Kronos-284-Spring-017-scaled.jpg","keywords":["Lokale Messen 2025 reisemobile"],"inLanguage":"de"},{"@type":"WebPage","@id":"https:\/\/www.rollerteam.com\/de\/lokale-messen-2025\/","url":"https:\/\/www.rollerteam.com\/de\/lokale-messen-2025\/","name":"Lokale Messen 2025 - RollerTeam GLOBAL","isPartOf":{"@id":"https:\/\/www.rollerteam.com\/de\/#website"},"primaryImageOfPage":{"@id":"https:\/\/www.rollerteam.com\/de\/lokale-messen-2025\/#primaryimage"},"image":{"@id":"https:\/\/www.rollerteam.com\/de\/lokale-messen-2025\/#primaryimage"},"thumbnailUrl":"https:\/\/www.rollerteam.com\/wp-content\/uploads\/2025\/03\/RT-Kronos-284-Spring-017-scaled.jpg","datePublished":"2025-03-04T14:42:37+00:00","dateModified":"2025-03-12T13:08:44+00:00","author":{"@id":"https:\/\/www.rollerteam.com\/de\/#\/schema\/person\/75c30c62f72de4282e060bc6c454613b"},"breadcrumb":{"@id":"https:\/\/www.rollerteam.com\/de\/lokale-messen-2025\/#breadcrumb"},"inLanguage":"de","potentialAction":[{"@type":"ReadAction","target":["https:\/\/www.rollerteam.com\/de\/lokale-messen-2025\/"]}]},{"@type":"ImageObject","inLanguage":"de","@id":"https:\/\/www.rollerteam.com\/de\/lokale-messen-2025\/#primaryimage","url":"https:\/\/www.rollerteam.com\/wp-content\/uploads\/2025\/03\/RT-Kronos-284-Spring-017-scaled.jpg","contentUrl":"https:\/\/www.rollerteam.com\/wp-content\/uploads\/2025\/03\/RT-Kronos-284-Spring-017-scaled.jpg","width":2560,"height":1829,"caption":"Lokale Messen 2025 reisemobile"},{"@type":"BreadcrumbList","@id":"https:\/\/www.rollerteam.com\/de\/lokale-messen-2025\/#breadcrumb","itemListElement":[{"@type":"ListItem","position":1,"name":"Home","item":"https:\/\/www.rollerteam.com\/de\/"},{"@type":"ListItem","position":2,"name":"Lokale Messen 2025"}]},{"@type":"WebSite","@id":"https:\/\/www.rollerteam.com\/de\/#website","url":"https:\/\/www.rollerteam.com\/de\/","name":"Trigano Master","description":"","potentialAction":[{"@type":"SearchAction","target":{"@type":"EntryPoint","urlTemplate":"https:\/\/www.rollerteam.com\/de\/?s={search_term_string}"},"query-input":{"@type":"PropertyValueSpecification","valueRequired":true,"valueName":"search_term_string"}}],"inLanguage":"de"},{"@type":"Person","@id":"https:\/\/www.rollerteam.com\/de\/#\/schema\/person\/75c30c62f72de4282e060bc6c454613b","name":"gmachetti","image":{"@type":"ImageObject","inLanguage":"de","@id":"https:\/\/secure.gravatar.com\/avatar\/1c9513b6a748b7ddd330e39a6916148d4289591b5ad773e5b5b367ae48c24cbd?s=96&d=mm&r=g","url":"https:\/\/secure.gravatar.com\/avatar\/1c9513b6a748b7ddd330e39a6916148d4289591b5ad773e5b5b367ae48c24cbd?s=96&d=mm&r=g","contentUrl":"https:\/\/secure.gravatar.com\/avatar\/1c9513b6a748b7ddd330e39a6916148d4289591b5ad773e5b5b367ae48c24cbd?s=96&d=mm&r=g","caption":"gmachetti"},"url":"https:\/\/www.rollerteam.com\/de\/author\/gmachetti\/"}]}},"_links":{"self":[{"href":"https:\/\/www.rollerteam.com\/de\/wp-json\/wp\/v2\/posts\/6743","targetHints":{"allow":["GET"]}}],"collection":[{"href":"https:\/\/www.rollerteam.com\/de\/wp-json\/wp\/v2\/posts"}],"about":[{"href":"https:\/\/www.rollerteam.com\/de\/wp-json\/wp\/v2\/types\/post"}],"author":[{"embeddable":true,"href":"https:\/\/www.rollerteam.com\/de\/wp-json\/wp\/v2\/users\/2"}],"replies":[{"embeddable":true,"href":"https:\/\/www.rollerteam.com\/de\/wp-json\/wp\/v2\/comments?post=6743"}],"version-history":[{"count":3,"href":"https:\/\/www.rollerteam.com\/de\/wp-json\/wp\/v2\/posts\/6743\/revisions"}],"predecessor-version":[{"id":6759,"href":"https:\/\/www.rollerteam.com\/de\/wp-json\/wp\/v2\/posts\/6743\/revisions\/6759"}],"wp:featuredmedia":[{"embeddable":true,"href":"https:\/\/www.rollerteam.com\/de\/wp-json\/wp\/v2\/media\/6744"}],"wp:attachment":[{"href":"https:\/\/www.rollerteam.com\/de\/wp-json\/wp\/v2\/media?parent=6743"}],"wp:term":[{"taxonomy":"post_tag","embeddable":true,"href":"https:\/\/www.rollerteam.com\/de\/wp-json\/wp\/v2\/tags?post=6743"}],"curies":[{"name":"wp","href":"https:\/\/api.w.org\/{rel}","templated":true}]}}